{"id":31586,"date":"2025-02-13T17:26:49","date_gmt":"2025-02-13T17:26:49","guid":{"rendered":"https:\/\/www.unavets.com\/resumo-das-jornadas-de-formacao-da-unavets-e-onevet-espanha-e-portugal-dezembro-de-2024-e-janeiro-de-2025\/"},"modified":"2025-02-13T17:26:51","modified_gmt":"2025-02-13T17:26:51","slug":"resumo-das-jornadas-de-formacao-da-unavets-e-onevet-espanha-e-portugal-dezembro-de-2024-e-janeiro-de-2025","status":"publish","type":"post","link":"https:\/\/www.unavets.com\/pt-pt\/resumo-das-jornadas-de-formacao-da-unavets-e-onevet-espanha-e-portugal-dezembro-de-2024-e-janeiro-de-2025\/","title":{"rendered":"Resumo das Jornadas de Forma\u00e7\u00e3o da UNAVETS e OneVet (Espanha e Portugal) \u2013 Dezembro de 2024 e Janeiro de 2025"},"content":{"rendered":"\t\t<div data-elementor-type=\"wp-post\" data-elementor-id=\"31586\" class=\"elementor elementor-31586 elementor-31584\" data-elementor-post-type=\"post\">\n\t\t\t\t<div class=\"elementor-element elementor-element-7a066792 e-flex e-con-boxed e-con e-parent\" data-id=\"7a066792\" data-element_type=\"container\" data-e-type=\"container\">\n\t\t\t\t\t<div class=\"e-con-inner\">\n\t\t\t\t<div class=\"elementor-element elementor-element-c1f7a90 elementor-widget elementor-widget-text-editor\" data-id=\"c1f7a90\" data-element_type=\"widget\" data-e-type=\"widget\" data-widget_type=\"text-editor.default\">\n\t\t\t\t<div class=\"elementor-widget-container\">\n\t\t\t\t\t\t\t\t\t<h3 data-start=\"653\" data-end=\"693\"><strong data-start=\"657\" data-end=\"691\">Forma\u00e7\u00e3o da UNAVETS em Espanha<\/strong><\/h3><br><h4 data-start=\"695\" data-end=\"758\"><strong data-start=\"700\" data-end=\"756\">Jornada de Forma\u00e7\u00e3o \u2013 Unidade de Cuidados Intensivos<\/strong><\/h4><br><p data-start=\"759\" data-end=\"1231\">A 12 de dezembro de 2024, no Veterios Hospital Veterin\u00e1rio de Refer\u00eancia (Madrid), Beatriz Alcocer, veterin\u00e1ria especializada em UCI e Urg\u00eancias, ministrou uma forma\u00e7\u00e3o sobre a obstru\u00e7\u00e3o ureteral em pacientes felinos. Durante a sess\u00e3o, foram abordados aspetos fundamentais do diagn\u00f3stico e tratamento desta patologia, com \u00eanfase nas t\u00e9cnicas mais avan\u00e7adas para a sua gest\u00e3o. O evento terminou com um momento de networking e um servi\u00e7o de catering para os participantes.<\/p><br><br><h4 data-start=\"1233\" data-end=\"1282\"><strong data-start=\"1238\" data-end=\"1280\">Jornada de Forma\u00e7\u00e3o em Medicina Felina<\/strong><\/h4><br><p data-start=\"1283\" data-end=\"1693\">A 19 de dezembro de 2024, no Hospital Veterin\u00e1rio Gasteiz (Vitoria), Salvador Cervantes, veterin\u00e1rio especialista internacionalmente reconhecido em medicina felina, ofereceu uma forma\u00e7\u00e3o abrangente sobre o diagn\u00f3stico e tratamento da tosse e dificuldade respirat\u00f3ria em gatos. A jornada centrou-se na import\u00e2ncia de um diagn\u00f3stico estruturado e num acompanhamento rigoroso para garantir um tratamento eficaz.<\/p><br><br><h4 data-start=\"1695\" data-end=\"1742\"><strong data-start=\"1700\" data-end=\"1740\">Jornada de Forma\u00e7\u00e3o em Traumatologia<\/strong><\/h4><br><p data-start=\"1743\" data-end=\"2281\">A 15 de janeiro de 2025, Felipe de Vicente, especialista EBVS (Diplomado Europeu ECVS) e diretor cl\u00ednico do Hospital de Refer\u00eancia Veterios, ministrou uma jornada formativa em traumatologia no mesmo hospital que dirige. Durante a sess\u00e3o, foram abordadas v\u00e1rias t\u00e9cnicas avan\u00e7adas para o tratamento de fraturas e les\u00f5es articulares em pequenos animais, incluindo o uso de fixadores externos e implantes ortop\u00e9dicos modernos. A forma\u00e7\u00e3o combinou teoria com workshops pr\u00e1ticos, garantindo a aplica\u00e7\u00e3o imediata dos conhecimentos adquiridos.<\/p><br><br><h4 data-start=\"2283\" data-end=\"2334\"><strong data-start=\"2288\" data-end=\"2332\">Jornada de Forma\u00e7\u00e3o em Displasia da Anca<\/strong><\/h4><br><p data-start=\"2335\" data-end=\"2864\">A 30 de janeiro de 2025, no Hospital de Refer\u00eancia Veterios, Felipe de Vicente ofereceu uma forma\u00e7\u00e3o detalhada sobre o tratamento da displasia da anca em c\u00e3es. Durante a sess\u00e3o, foram apresentadas as op\u00e7\u00f5es dispon\u00edveis para o tratamento da patologia, incluindo a abordagem conservadora, baseada na redu\u00e7\u00e3o de peso, anti-inflamat\u00f3rios, \u00e1cidos gordos \u00f3mega-3 e reabilita\u00e7\u00e3o, bem como a abordagem cir\u00fargica, destacando-se a pr\u00f3tese da anca como a solu\u00e7\u00e3o mais eficaz, eliminando a necessidade de medica\u00e7\u00e3o vital\u00edcia para o animal.<\/p><br><br><h3 data-start=\"2866\" data-end=\"2907\"><strong data-start=\"2870\" data-end=\"2905\">Forma\u00e7\u00f5es da OneVet em Portugal<\/strong><\/h3><br><h4 data-start=\"2909\" data-end=\"2965\"><strong data-start=\"2914\" data-end=\"2963\">Forma\u00e7\u00e3o em Cirurgia de Tecidos Moles \u2013 Norte<\/strong><\/h4><br><p data-start=\"2966\" data-end=\"3481\">Nos dias 6 e 7 de dezembro de 2024, o OneVet Hospital Veterin\u00e1rio Universit\u00e1rio de Paredes, no norte de Portugal, organizou uma forma\u00e7\u00e3o sobre cirurgia de tecidos moles. Os veterin\u00e1rios especialistas Andr\u00e9 Queir\u00f3s e Lu\u00eds Maltez explicaram os princ\u00edpios da cirurgia de tecidos moles, com especial enfoque em procedimentos do sistema digestivo, hep\u00e1tico, espl\u00e9nico e urin\u00e1rio. Al\u00e9m disso, abordaram t\u00e9cnicas cir\u00fargicas no sistema respirat\u00f3rio, na cavidade oral e na pele, incluindo retalhos e a corre\u00e7\u00e3o de h\u00e9rnias.<\/p><br><br><h4 data-start=\"3483\" data-end=\"3518\"><strong data-start=\"3488\" data-end=\"3516\">Forma\u00e7\u00e3o em Dermatologia<\/strong><\/h4><br><p data-start=\"3519\" data-end=\"4018\">Nos dias 14 e 15 de dezembro de 2024, no Hospital Veterin\u00e1rio do Porto, realizou-se uma forma\u00e7\u00e3o em dermatologia. As veterin\u00e1rias especialistas Diana Ferreira, Helena Guimar\u00e3es, Maria In\u00eas e Sara Salgueiro ofereceram m\u00f3dulos pr\u00e1ticos sobre o diagn\u00f3stico e tratamento de otites externas, citologia e t\u00e9cnicas avan\u00e7adas como a v\u00eddeo-otoscopia. Al\u00e9m disso, realizou-se um workshop pr\u00e1tico sobre citologia dermatol\u00f3gica, permitindo aos participantes aplicar os conhecimentos adquiridos em casos reais.<\/p><br><br><h4 data-start=\"4020\" data-end=\"4081\"><strong data-start=\"4025\" data-end=\"4079\">Forma\u00e7\u00e3o em Cirurgia de Tecidos Moles \u2013 Centro\/Sul<\/strong><\/h4><br><p data-start=\"4082\" data-end=\"4587\">Nos dias 20 e 21 de dezembro de 2024, a forma\u00e7\u00e3o em cirurgia de tecidos moles foi repetida no Hospital Veterin\u00e1rio Tapada das Merc\u00eas (Centro\/Sul). Tal como na forma\u00e7\u00e3o realizada no norte, os veterin\u00e1rios especialistas Andr\u00e9 Queir\u00f3s e Pedro Oliv\u00e9rio abordaram uma grande variedade de t\u00e9cnicas cir\u00fargicas, incluindo interven\u00e7\u00f5es nos sistemas digestivo, respirat\u00f3rio, urin\u00e1rio e reprodutivo, bem como na pele. Foram tamb\u00e9m discutidas abordagens para a corre\u00e7\u00e3o de h\u00e9rnias e a repara\u00e7\u00e3o de fendas palatinas.<\/p><br><p data-start=\"4589\" data-end=\"5170\">A UNAVETS e a OneVet continuam a promover a especializa\u00e7\u00e3o dos profissionais veterin\u00e1rios atrav\u00e9s de forma\u00e7\u00f5es te\u00f3ricas e pr\u00e1ticas em \u00e1reas de grande procura. Estas jornadas, organizadas em hospitais veterin\u00e1rios de Espanha e Portugal, abrangem temas como medicina felina, traumatologia, cirurgia de tecidos moles e dermatologia, consolidando a sua posi\u00e7\u00e3o essencial na atualiza\u00e7\u00e3o cont\u00ednua da medicina veterin\u00e1ria. A forma\u00e7\u00e3o cont\u00ednua continua a ser essencial para oferecer um atendimento de excel\u00eancia aos pacientes e impulsionar o crescimento sustent\u00e1vel do setor veterin\u00e1rio.<\/p><br><br><h3 data-start=\"5172\" data-end=\"5200\"><strong data-start=\"5176\" data-end=\"5198\">Sobre a OneAcademy<\/strong><\/h3><br><p data-start=\"5201\" data-end=\"5480\">A OneAcademy \u00e9 a plataforma de forma\u00e7\u00e3o do Grupo UNAVETS, oferecendo cursos pr\u00e1ticos, palestras presenciais, cursos online, grupos de trabalho especializados, est\u00e1gios e certifica\u00e7\u00f5es avan\u00e7adas, como programas de p\u00f3s-gradua\u00e7\u00e3o para m\u00e9dicos veterin\u00e1rios e t\u00e9cnicos veterin\u00e1rios.<\/p><br><p data-start=\"5482\" data-end=\"6035\">Esta plataforma de forma\u00e7\u00e3o reflete o compromisso da UNAVETS em proporcionar educa\u00e7\u00e3o cont\u00ednua de alta qualidade e oportunidades de crescimento aos profissionais do setor veterin\u00e1rio. A UNAVETS j\u00e1 organizou mais de 125 dias de forma\u00e7\u00e3o para veterin\u00e1rios em \u00e1reas como ecografia, radiologia e ecocardiografia, tomografia computorizada, neurologia, medicina interna, anestesia, odontologia, cirurgia e comunica\u00e7\u00e3o. Cerca de 2.000 veterin\u00e1rios e auxiliares participaram nestes eventos nos 10 centros de forma\u00e7\u00e3o distribu\u00eddos por toda a Pen\u00ednsula Ib\u00e9rica.<\/p><br><p data-start=\"6037\" data-end=\"6622\">Jos\u00e9 Ram\u00f3n Escribano, Consultor S\u00e9nior da UNAVETS, comentou:<br data-start=\"6097\" data-end=\"6100\" \/><em>&#8220;A forma\u00e7\u00e3o \u00e9 importante n\u00e3o s\u00f3 para o grupo e para o setor, mas tamb\u00e9m para o desenvolvimento individual de cada profissional. Por isso, na UNAVETS, disponibilizamos todos os recursos necess\u00e1rios para garantir que o crescimento de toda a equipa \u2013 auxiliares, veterin\u00e1rios, rececionistas, administradores, entre outros \u2013 seja uma realidade tanto a n\u00edvel cient\u00edfico como humano. A forma\u00e7\u00e3o integral das pessoas \u00e9 a chave para o crescimento e desenvolvimento, e estamos a trabalhar ativamente para alcan\u00e7ar esse objetivo.&#8221;<\/em><\/p>\t\t\t\t\t\t\t\t<\/div>\n\t\t\t\t<\/div>\n\t\t\t\t\t<\/div>\n\t\t\t\t<\/div>\n\t\t\t\t<\/div>\n\t\t","protected":false},"excerpt":{"rendered":"<p>A UNAVETS e a OneVet continuam comprometidas em oferecer forma\u00e7\u00e3o veterin\u00e1ria de alta qualidade atrav\u00e9s da sua plataforma educativa, OneAcademy. Durante os meses de dezembro de 2024 e janeiro de 2025, ambos os grupos organizaram diversas jornadas especializadas em diferentes \u00e1reas da medicina veterin\u00e1ria. A seguir, destacam-se as forma\u00e7\u00f5es realizadas em ambas as regi\u00f5es, com foco em medicina felina, traumatologia, cirurgia de tecidos moles e gest\u00e3o de pacientes cr\u00edticos.<\/p>\n","protected":false},"author":8,"featured_media":31578,"comment_status":"open","ping_status":"open","sticky":false,"template":"","format":"standard","meta":{"_acf_changed":false,"content-type":"","footnotes":""},"categories":[863,862],"tags":[],"class_list":["post-31586","post","type-post","status-publish","format-standard","has-post-thumbnail","hentry","category-oneacademy-pt-pt","category-sobre-unavets"],"acf":[],"_links":{"self":[{"href":"https:\/\/www.unavets.com\/pt-pt\/wp-json\/wp\/v2\/posts\/31586","targetHints":{"allow":["GET"]}}],"collection":[{"href":"https:\/\/www.unavets.com\/pt-pt\/wp-json\/wp\/v2\/posts"}],"about":[{"href":"https:\/\/www.unavets.com\/pt-pt\/wp-json\/wp\/v2\/types\/post"}],"author":[{"embeddable":true,"href":"https:\/\/www.unavets.com\/pt-pt\/wp-json\/wp\/v2\/users\/8"}],"replies":[{"embeddable":true,"href":"https:\/\/www.unavets.com\/pt-pt\/wp-json\/wp\/v2\/comments?post=31586"}],"version-history":[{"count":1,"href":"https:\/\/www.unavets.com\/pt-pt\/wp-json\/wp\/v2\/posts\/31586\/revisions"}],"predecessor-version":[{"id":31587,"href":"https:\/\/www.unavets.com\/pt-pt\/wp-json\/wp\/v2\/posts\/31586\/revisions\/31587"}],"wp:featuredmedia":[{"embeddable":true,"href":"https:\/\/www.unavets.com\/pt-pt\/wp-json\/wp\/v2\/media\/31578"}],"wp:attachment":[{"href":"https:\/\/www.unavets.com\/pt-pt\/wp-json\/wp\/v2\/media?parent=31586"}],"wp:term":[{"taxonomy":"category","embeddable":true,"href":"https:\/\/www.unavets.com\/pt-pt\/wp-json\/wp\/v2\/categories?post=31586"},{"taxonomy":"post_tag","embeddable":true,"href":"https:\/\/www.unavets.com\/pt-pt\/wp-json\/wp\/v2\/tags?post=31586"}],"curies":[{"name":"wp","href":"https:\/\/api.w.org\/{rel}","templated":true}]}}