{"id":17950,"date":"2022-11-23T17:27:00","date_gmt":"2022-11-23T17:27:00","guid":{"rendered":"https:\/\/www.unavets.com\/especies\/?p=17950"},"modified":"2022-11-23T17:29:15","modified_gmt":"2022-11-23T17:29:15","slug":"sindrome-branquicefalico-en-perros","status":"publish","type":"post","link":"https:\/\/www.unavets.com\/especies\/es\/2022\/11\/23\/sindrome-branquicefalico-en-perros\/","title":{"rendered":"S\u00cdNDROME BRANQUICEF\u00c1LICO EN PERROS"},"content":{"rendered":"\t\t<div data-elementor-type=\"wp-post\" data-elementor-id=\"17950\" class=\"elementor elementor-17950\" data-elementor-post-type=\"post\">\n\t\t\t\t\t\t<section class=\"elementor-section elementor-top-section elementor-element elementor-element-f99769c elementor-section-boxed elementor-section-height-default elementor-section-height-default\" data-id=\"f99769c\" data-element_type=\"section\" data-e-type=\"section\">\n\t\t\t\t\t\t<div class=\"elementor-container elementor-column-gap-default\">\n\t\t\t\t\t<div class=\"elementor-column elementor-col-100 elementor-top-column elementor-element elementor-element-e08eaa2\" data-id=\"e08eaa2\" data-element_type=\"column\" data-e-type=\"column\">\n\t\t\t<div class=\"elementor-widget-wrap elementor-element-populated\">\n\t\t\t\t\t\t<div class=\"elementor-element elementor-element-6ca078b1 elementor-widget elementor-widget-text-editor\" data-id=\"6ca078b1\" data-element_type=\"widget\" data-e-type=\"widget\" data-widget_type=\"text-editor.default\">\n\t\t\t\t<div class=\"elementor-widget-container\">\n\t\t\t\t\t\t\t\t\t<h1>Cirug\u00eda s\u00edndrome braquicef\u00e1lico en Bulldog Ingl\u00e9s<\/h1><div>\u00a0<\/div><div><p>Las razas braquicef\u00e1licas (Bulldog Ingl\u00e9s, Bulldog Franc\u00e9s y Carlino sobre todo), suelen presentar de manera t\u00edpica dificultad respiratoria. Existe un t\u00f3pico de\u00a0 que esto es &#8220;normal&#8221; en estas razas,pero nada m\u00e1s lejos esta manera tan an\u00f3mala de respirar le va a ir produciendo da\u00f1os en su sistema respiratorio de manera progresiva.<\/p><h3>El s\u00edndrome braquic\u00e9falo normalmente incluye tres componentes esenciales:<\/h3><p>\u00a0<\/p><p>\u00a0 &#8211; Componente nasal: estenosis o estrechamiento de los orificios nasales<\/p><p>&#8211; Componente naso\/oro-far\u00edngeo: excesivo espesor y longitud del paladar blando.<\/p><p>&#8211; Componente lar\u00edngeo: irritaci\u00f3n por la vibraci\u00f3n y aspiraci\u00f3n del paladar blando en la glotis, lo que produce a veces una eversi\u00f3n de los s\u00e1culos lar\u00edngeos, debilidad lar\u00edngea y a veces colapso lar\u00edngeo cuando el cuadro est\u00e1 m\u00e1s avanzado.<\/p><p>Los s\u00edntomas respiratorios observados frecuentemente son ronquidos diurnos y nocturnos, ruidos inspiratorios, dificultad respiratoria, intolerancia al ejercicio y al calor, y en casos m\u00e1s graves cianosis (mucosas azuladas). Tambi\u00e9n produce s\u00edntomas digestivos de manera frecuente como v\u00f3mitos de comida no digerida o baba y regurgitaciones.<\/p><p><b>Frente a un s\u00edndrome braquicef\u00e1lico <\/b>es indispensable establecer un protocolo de actuaci\u00f3n para que el cuadro no avance y no se produzcan secuelas irreversibles a nivel respiratorio.<\/p><p>En este caso atendemos a Odie, con cuadro de intolerancia al ejercicio, ronquidos continuos, v\u00f3mitos espor\u00e1dicos, procesos respiratorios continuados. Tras una exploraci\u00f3n exhaustiva de las v\u00edas respiratorias determinamos que el tratamiento para este problema, como en la mayor\u00eda de los casos, pasa por una cirug\u00eda doble: operarle de los orificios nasales para que el aire entre con mayor facilidad, y operarle de paladar blando para que \u00e9ste no se introduzca en la glotis y al mismo tiempo disminuir el grosos del mismo. Tras la cirug\u00eda los efectos respiratorios son inmediatos, con cese pr\u00e1cticamente total del ronquido, ausencia de v\u00f3mitos asociados, mejor\u00eda a la tolerancia al ejercicio&#8230; en fin&#8230; mejoramos bastante su calidad de vida. Normalmente los due\u00f1os agradecen much\u00edsimo esta cirug\u00eda pues de ser un perro ap\u00e1tico, con respiraci\u00f3n dificultosa,\u00a0 pasan a ser perros activos, con respiraci\u00f3n normalizada, y con mucha m\u00e1s vitalidad y alegr\u00eda.<\/p><\/div><p>\u00a0<\/p><p><div id='gallery-1' class='gallery galleryid-17950 gallery-columns-3 gallery-size-thumbnail'><figure class='gallery-item'>\n\t\t\t<div class='gallery-icon landscape'>\n\t\t\t\t<a href='https:\/\/www.unavets.com\/especies\/es\/2022\/11\/23\/sindrome-branquicefalico-en-perros\/foto-paladar-blando-antes-de-cirugia\/'><img width=\"150\" height=\"150\" class=\"attachment-thumbnail size-thumbnail lazy\" alt=\"enfermedad paladar en perros\" data-src=\"https:\/\/www.unavets.com\/especies\/wp-content\/uploads\/sites\/11\/2022\/11\/foto-paladar-blando-antes-de-cirugia-150x150.png\" data-lazy=\"https:\/\/www.unavets.com\/especies\/wp-content\/uploads\/sites\/11\/2022\/11\/foto-paladar-blando-antes-de-cirugia-150x150.png\" \/><\/a>\n\t\t\t<\/div><\/figure><figure class='gallery-item'>\n\t\t\t<div class='gallery-icon landscape'>\n\t\t\t\t<a href='https:\/\/www.unavets.com\/especies\/es\/2022\/11\/23\/sindrome-branquicefalico-en-perros\/foto-paladar-blando-despues-de-la-cirugia\/'><img width=\"150\" height=\"150\" class=\"attachment-thumbnail size-thumbnail lazy\" alt=\"\" data-src=\"https:\/\/www.unavets.com\/especies\/wp-content\/uploads\/sites\/11\/2022\/11\/foto-paladar-blando-despues-de-la-cirugia-150x150.jpg\" data-lazy=\"https:\/\/www.unavets.com\/especies\/wp-content\/uploads\/sites\/11\/2022\/11\/foto-paladar-blando-despues-de-la-cirugia-150x150.jpg\" \/><\/a>\n\t\t\t<\/div><\/figure>\n\t\t<\/div>\n<\/p>\t\t\t\t\t\t\t\t<\/div>\n\t\t\t\t<\/div>\n\t\t\t\t\t<\/div>\n\t\t<\/div>\n\t\t\t\t\t<\/div>\n\t\t<\/section>\n\t\t\t\t<\/div>\n\t\t","protected":false},"excerpt":{"rendered":"<p>Cirug\u00eda s\u00edndrome braquicef\u00e1lico en Bulldog Ingl\u00e9s Las razas braquicef\u00e1licas (Bulldog Ingl\u00e9s, Bulldog Franc\u00e9s y Carlino sobre todo), suelen presentar de manera t\u00edpica dificultad respiratoria. Existe un t\u00f3pico de\u00a0 que esto es &#8220;normal&#8221; en estas razas,pero nada m\u00e1s lejos esta manera tan an\u00f3mala de respirar le va a ir produciendo da\u00f1os en su sistema respiratorio de &hellip; <\/p>\n","protected":false},"author":8,"featured_media":0,"comment_status":"open","ping_status":"open","sticky":false,"template":"","format":"standard","meta":{"_acf_changed":false,"content-type":"","footnotes":""},"categories":[58],"tags":[],"class_list":["post-17950","post","type-post","status-publish","format-standard","hentry","category-blog-especies"],"acf":[],"_links":{"self":[{"href":"https:\/\/www.unavets.com\/especies\/es\/wp-json\/wp\/v2\/posts\/17950","targetHints":{"allow":["GET"]}}],"collection":[{"href":"https:\/\/www.unavets.com\/especies\/es\/wp-json\/wp\/v2\/posts"}],"about":[{"href":"https:\/\/www.unavets.com\/especies\/es\/wp-json\/wp\/v2\/types\/post"}],"author":[{"embeddable":true,"href":"https:\/\/www.unavets.com\/especies\/es\/wp-json\/wp\/v2\/users\/8"}],"replies":[{"embeddable":true,"href":"https:\/\/www.unavets.com\/especies\/es\/wp-json\/wp\/v2\/comments?post=17950"}],"version-history":[{"count":0,"href":"https:\/\/www.unavets.com\/especies\/es\/wp-json\/wp\/v2\/posts\/17950\/revisions"}],"wp:attachment":[{"href":"https:\/\/www.unavets.com\/especies\/es\/wp-json\/wp\/v2\/media?parent=17950"}],"wp:term":[{"taxonomy":"category","embeddable":true,"href":"https:\/\/www.unavets.com\/especies\/es\/wp-json\/wp\/v2\/categories?post=17950"},{"taxonomy":"post_tag","embeddable":true,"href":"https:\/\/www.unavets.com\/especies\/es\/wp-json\/wp\/v2\/tags?post=17950"}],"curies":[{"name":"wp","href":"https:\/\/api.w.org\/{rel}","templated":true}]}}