{"id":12781,"date":"2022-11-22T15:04:17","date_gmt":"2022-11-22T15:04:17","guid":{"rendered":"http:\/\/www.unavets.com\/?p=12781"},"modified":"2022-11-24T08:47:42","modified_gmt":"2022-11-24T08:47:42","slug":"vasculitis-en-el-margen-auricular","status":"publish","type":"post","link":"https:\/\/www.unavets.com\/especies\/es\/2022\/11\/22\/vasculitis-en-el-margen-auricular\/","title":{"rendered":"VASCULITIS EN EL MARGEN AURICULAR"},"content":{"rendered":"\t\t<div data-elementor-type=\"wp-post\" data-elementor-id=\"12781\" class=\"elementor elementor-12781\" data-elementor-post-type=\"post\">\n\t\t\t\t\t\t<section class=\"elementor-section elementor-top-section elementor-element elementor-element-7f13de6e elementor-section-boxed elementor-section-height-default elementor-section-height-default\" data-id=\"7f13de6e\" data-element_type=\"section\" data-e-type=\"section\">\n\t\t\t\t\t\t<div class=\"elementor-container elementor-column-gap-default\">\n\t\t\t\t\t<div class=\"elementor-column elementor-col-100 elementor-top-column elementor-element elementor-element-218a3ae8\" data-id=\"218a3ae8\" data-element_type=\"column\" data-e-type=\"column\">\n\t\t\t<div class=\"elementor-widget-wrap elementor-element-populated\">\n\t\t\t\t\t\t<div class=\"elementor-element elementor-element-2d652b81 elementor-widget elementor-widget-text-editor\" data-id=\"2d652b81\" data-element_type=\"widget\" data-e-type=\"widget\" data-widget_type=\"text-editor.default\">\n\t\t\t\t<div class=\"elementor-widget-container\">\n\t\t\t\t\t\t\t\t\t<p><div id='gallery-1' class='gallery galleryid-12781 gallery-columns-3 gallery-size-thumbnail'><figure class='gallery-item'>\n\t\t\t<div class='gallery-icon landscape'>\n\t\t\t\t<a href='https:\/\/www.unavets.com\/especies\/es\/especies-1-2\/'><img width=\"150\" height=\"150\" class=\"attachment-thumbnail size-thumbnail lazy\" alt=\"vasculitis oreja perro\" data-src=\"https:\/\/www.unavets.com\/especies\/wp-content\/uploads\/sites\/11\/2022\/11\/especies-1-150x150.jpg\" data-lazy=\"https:\/\/www.unavets.com\/especies\/wp-content\/uploads\/sites\/11\/2022\/11\/especies-1-150x150.jpg\" \/><\/a>\n\t\t\t<\/div><\/figure><figure class='gallery-item'>\n\t\t\t<div class='gallery-icon landscape'>\n\t\t\t\t<a href='https:\/\/www.unavets.com\/especies\/es\/especies-2-2\/'><img width=\"150\" height=\"150\" class=\"attachment-thumbnail size-thumbnail lazy\" alt=\"vasculitis en orejas perro\" data-src=\"https:\/\/www.unavets.com\/especies\/wp-content\/uploads\/sites\/11\/2022\/11\/especies-2-150x150.jpg\" data-lazy=\"https:\/\/www.unavets.com\/especies\/wp-content\/uploads\/sites\/11\/2022\/11\/especies-2-150x150.jpg\" \/><\/a>\n\t\t\t<\/div><\/figure><figure class='gallery-item'>\n\t\t\t<div class='gallery-icon landscape'>\n\t\t\t\t<a href='https:\/\/www.unavets.com\/especies\/es\/especies-3-2\/'><img width=\"150\" height=\"150\" class=\"attachment-thumbnail size-thumbnail lazy\" alt=\"vasculitis en orejas perro\" data-src=\"https:\/\/www.unavets.com\/especies\/wp-content\/uploads\/sites\/11\/2022\/11\/especies-3-150x150.jpg\" data-lazy=\"https:\/\/www.unavets.com\/especies\/wp-content\/uploads\/sites\/11\/2022\/11\/especies-3-150x150.jpg\" \/><\/a>\n\t\t\t<\/div><\/figure>\n\t\t<\/div>\n<\/p><p>Una de las afecciones m\u00e1s comunes y delicadas de las orejas\u00a0 es <strong>la vasculitis del margen del pabell\u00f3n auricular<\/strong>. Se caracteriza por una p\u00e9rdida de pelo, engrosamiento, sangrado o formaci\u00f3n de costras en dicha zona.<\/p><p>Esto provoca una molestia constante en el animal, que suele sacudir la cabeza, frotarse la cara o rascarse las orejas, con el consiguiente peligro de autolesionarse o provocarse \u00falceras corneales.<\/p><p>\u00a0<\/p><p>Las\u00a0 causas son diversas y todas ellas provocan una inflamaci\u00f3n de los vasos sangu\u00edneos que nutren las orejas\u00a0 e impiden un riego normal de la zona.<\/p><p>\u00a0<\/p><p>Estas son las <strong><u>causas m\u00e1s comunes<\/u>:<\/strong><\/p><p><strong>\u00a0<\/strong><\/p><ul><li><strong>Infecciones f\u00fangicas<\/strong>: malasezzia, dematofitos&#8230;<\/li><li><strong>Infecciones parasitarias<\/strong>: sarnas o par\u00e1sitos hem\u00e1ticos como la ehrlichia, la ricketssia o la leishmaniosis.<\/li><li><strong>Alergias <\/strong><\/li><li><strong>Enfermedades autoinmimunes\/inmunol\u00f3gicas\/hereditaria<\/strong>s: complejos p\u00e9nfigos, alopecia areata\u2026<\/li><\/ul><p>\u00a0\u00a0 Para hacer un correcto diagn\u00f3stico de la causa y por consiguiente un adecuado tratamiento, se requiere un <strong>estudio completo de la historia<\/strong> del paciente, ya que el inicio puede relacionarse con variaci\u00f3n de los h\u00e1bitos alimentarios, de desparasitaci\u00f3n externa incorrecta, ser estacionales o variar en funci\u00f3n de la edad del animal. \u00a0Aqu\u00ed es el propietario el que nos debe proporcionar toda la informaci\u00f3n de la que disponga, ya que para nosotros resulta absolutamente esencial para la valoraci\u00f3n correcta del caso.<\/p><p><div id='gallery-2' class='gallery galleryid-12781 gallery-columns-3 gallery-size-thumbnail'><figure class='gallery-item'>\n\t\t\t<div class='gallery-icon landscape'>\n\t\t\t\t<a href='https:\/\/www.unavets.com\/especies\/es\/especies-3\/'><img loading=\"lazy\" width=\"150\" height=\"150\" class=\"attachment-thumbnail size-thumbnail lazy\" alt=\"\" data-src=\"https:\/\/www.unavets.com\/especies\/wp-content\/uploads\/sites\/11\/2022\/11\/especies-3-1-150x150.jpg\" data-lazy=\"https:\/\/www.unavets.com\/especies\/wp-content\/uploads\/sites\/11\/2022\/11\/especies-3-1-150x150.jpg\" \/><\/a>\n\t\t\t<\/div><\/figure><figure class='gallery-item'>\n\t\t\t<div class='gallery-icon landscape'>\n\t\t\t\t<a href='https:\/\/www.unavets.com\/especies\/es\/especies-2\/'><img loading=\"lazy\" width=\"150\" height=\"150\" class=\"attachment-thumbnail size-thumbnail lazy\" alt=\"\" data-src=\"https:\/\/www.unavets.com\/especies\/wp-content\/uploads\/sites\/11\/2022\/11\/especies-2-1-150x150.jpg\" data-lazy=\"https:\/\/www.unavets.com\/especies\/wp-content\/uploads\/sites\/11\/2022\/11\/especies-2-1-150x150.jpg\" \/><\/a>\n\t\t\t<\/div><\/figure><figure class='gallery-item'>\n\t\t\t<div class='gallery-icon landscape'>\n\t\t\t\t<a href='https:\/\/www.unavets.com\/especies\/es\/especies-1\/'><img loading=\"lazy\" width=\"150\" height=\"150\" class=\"attachment-thumbnail size-thumbnail lazy\" alt=\"\" data-src=\"https:\/\/www.unavets.com\/especies\/wp-content\/uploads\/sites\/11\/2022\/11\/especies-1-2-150x150.jpg\" data-lazy=\"https:\/\/www.unavets.com\/especies\/wp-content\/uploads\/sites\/11\/2022\/11\/especies-1-2-150x150.jpg\" \/><\/a>\n\t\t\t<\/div><\/figure>\n\t\t<\/div>\n<\/p><p>\u00a0<\/p><p><span style=\"font-size: 1em;\">El examen <\/span><strong style=\"font-size: 1em;\">dermatol\u00f3gico inicial<\/strong><span style=\"font-size: 1em;\"> es muy sencillo y nos proporciona informaci\u00f3n b\u00e1sica de manera r\u00e1pida. Las pruebas que incluyen son: <\/span><u style=\"font-size: 1em;\">tricograma, raspado y citolog\u00eda<\/u><span style=\"font-size: 1em;\">.<\/span><\/p><p><span style=\"font-size: 1em;\">\u00a0<\/span><\/p><p>\u00a0<\/p><p>\u00a0<\/p><p>Tricograma o ex\u00e1men\u00a0\u00a0\u00a0\u00a0\u00a0\u00a0\u00a0\u00a0\u00a0\u00a0\u00a0\u00a0\u00a0\u00a0\u00a0\u00a0\u00a0\u00a0\u00a0\u00a0\u00a0\u00a0\u00a0\u00a0\u00a0\u00a0\u00a0\u00a0\u00a0\u00a0\u00a0\u00a0\u00a0\u00a0\u00a0\u00a0 Raspado cut\u00e1neo\u00a0\u00a0\u00a0\u00a0\u00a0\u00a0\u00a0\u00a0\u00a0\u00a0\u00a0\u00a0\u00a0\u00a0\u00a0\u00a0\u00a0\u00a0\u00a0\u00a0\u00a0\u00a0\u00a0\u00a0\u00a0\u00a0 La citolog\u00eda se obtiene<\/p><p>microsc\u00f3pico del pelo\u00a0\u00a0\u00a0\u00a0\u00a0\u00a0\u00a0\u00a0\u00a0\u00a0\u00a0\u00a0\u00a0\u00a0\u00a0\u00a0\u00a0\u00a0\u00a0 \u00a0\u00a0\u00a0\u00a0\u00a0\u00a0\u00a0\u00a0\u00a0\u00a0Nos permite el diagn\u00f3stico\u00a0\u00a0\u00a0\u00a0\u00a0\u00a0\u00a0\u00a0\u00a0\u00a0\u00a0\u00a0\u00a0\u00a0\u00a0 tras la tinci\u00f3n de muestras<\/p><p>\u00a0\u00a0\u00a0\u00a0\u00a0\u00a0\u00a0\u00a0\u00a0\u00a0\u00a0\u00a0\u00a0\u00a0\u00a0\u00a0\u00a0\u00a0\u00a0\u00a0\u00a0\u00a0\u00a0\u00a0\u00a0\u00a0\u00a0\u00a0\u00a0\u00a0\u00a0\u00a0\u00a0\u00a0\u00a0\u00a0\u00a0\u00a0\u00a0\u00a0\u00a0\u00a0\u00a0\u00a0\u00a0\u00a0\u00a0\u00a0\u00a0\u00a0\u00a0\u00a0\u00a0\u00a0\u00a0\u00a0\u00a0\u00a0\u00a0\u00a0\u00a0\u00a0\u00a0\u00a0\u00a0\u00a0\u00a0 \u00a0\u00a0\u00a0\u00a0\u00a0 de sarnas\u00a0\u00a0\u00a0\u00a0\u00a0\u00a0\u00a0\u00a0\u00a0\u00a0\u00a0\u00a0\u00a0\u00a0\u00a0\u00a0\u00a0\u00a0\u00a0\u00a0\u00a0\u00a0\u00a0\u00a0\u00a0\u00a0\u00a0\u00a0\u00a0\u00a0\u00a0\u00a0\u00a0\u00a0\u00a0\u00a0\u00a0 recogidas de la zona<\/p><p>\u00a0<\/p><p>\u00a0<\/p><p>\u00a0\u00a0 Pero no siempre con estas pruebas se pueden llegar a conocer la causa del problema, y debemos realizar <strong>controles sangu\u00edneos o incluso biopsias de piel<\/strong>.<\/p><p>\u00a0<\/p><p>\u00a0\u00a0 El <strong>manejo es delicado<\/strong> ya que la zona es muy sangrante y molesta para el animal, y tan importante como los tratamientos m\u00e9dicos que se le realicen, es evitar que el animal tenga acceso a la zona poni\u00e9ndole <strong>collar isabelino.<\/strong><\/p><p>\u00a0<\/p><p>\u00a0\u00a0 Se <strong>requieren grandes dosis de paciencia y un seguimiento estricto de los tratamientos m\u00e9dicos y de manejo<\/strong> que se prescriban, para conseguir\u00a0 la resoluci\u00f3n completa del problema.<\/p>\t\t\t\t\t\t\t\t<\/div>\n\t\t\t\t<\/div>\n\t\t\t\t\t<\/div>\n\t\t<\/div>\n\t\t\t\t\t<\/div>\n\t\t<\/section>\n\t\t\t\t<\/div>\n\t\t","protected":false},"excerpt":{"rendered":"<p>Ut euismod ultricies sollicitudin. Curabitur sed dapibus nulla. Nulla eget iaculis lectus. Mauris ac maximus neque. Nam in mauris quis libero sodales eleifend. Morbi varius, nulla sit amet rutrum elementum, est elit finibus tellus, ut tristique elit risus at metus.<\/p>\n<p>Lorem ipsum dolor sit amet, consectetur adipiscing elit. Maecenas in pulvinar neque. Nulla finibus lobortis pulvinar. Donec a consectetur nulla. Nulla posuere sapien vitae lectus suscipit, et pulvinar nisi tincidunt&#8230;<\/p>\n","protected":false},"author":1,"featured_media":9535,"comment_status":"open","ping_status":"open","sticky":false,"template":"","format":"standard","meta":{"_acf_changed":false,"content-type":"","footnotes":""},"categories":[58],"tags":[],"class_list":["post-12781","post","type-post","status-publish","format-standard","has-post-thumbnail","hentry","category-blog-especies"],"acf":[],"_links":{"self":[{"href":"https:\/\/www.unavets.com\/especies\/es\/wp-json\/wp\/v2\/posts\/12781","targetHints":{"allow":["GET"]}}],"collection":[{"href":"https:\/\/www.unavets.com\/especies\/es\/wp-json\/wp\/v2\/posts"}],"about":[{"href":"https:\/\/www.unavets.com\/especies\/es\/wp-json\/wp\/v2\/types\/post"}],"author":[{"embeddable":true,"href":"https:\/\/www.unavets.com\/especies\/es\/wp-json\/wp\/v2\/users\/1"}],"replies":[{"embeddable":true,"href":"https:\/\/www.unavets.com\/especies\/es\/wp-json\/wp\/v2\/comments?post=12781"}],"version-history":[{"count":0,"href":"https:\/\/www.unavets.com\/especies\/es\/wp-json\/wp\/v2\/posts\/12781\/revisions"}],"wp:featuredmedia":[{"embeddable":true,"href":"https:\/\/www.unavets.com\/especies\/es\/wp-json\/"}],"wp:attachment":[{"href":"https:\/\/www.unavets.com\/especies\/es\/wp-json\/wp\/v2\/media?parent=12781"}],"wp:term":[{"taxonomy":"category","embeddable":true,"href":"https:\/\/www.unavets.com\/especies\/es\/wp-json\/wp\/v2\/categories?post=12781"},{"taxonomy":"post_tag","embeddable":true,"href":"https:\/\/www.unavets.com\/especies\/es\/wp-json\/wp\/v2\/tags?post=12781"}],"curies":[{"name":"wp","href":"https:\/\/api.w.org\/{rel}","templated":true}]}}