{"id":9054,"date":"2018-02-21T11:16:43","date_gmt":"2018-02-21T10:16:43","guid":{"rendered":"https:\/\/clinicasbierzoo.es\/?p=9054"},"modified":"2018-02-21T11:16:43","modified_gmt":"2018-02-21T10:16:43","slug":"muere-capitan","status":"publish","type":"post","link":"https:\/\/www.unavets.com\/es\/muere-capitan\/","title":{"rendered":"Muere \u2018Capit\u00e1n\u2019, el perro que visit\u00f3 durante 11 a\u00f1os la tumba de su due\u00f1o"},"content":{"rendered":"<div>\n<p>Varios vecinos han pedido que se entierre a\u00a0<em>Capit\u00e1n<\/em>\u00a0con los restos de Guzm\u00e1n y se levante un monumento que recuerde su historia. Por razones legales, fuentes municipales han adelantado que es posible que sus restos sean depositados en una plaza frente al cementerio.\u00bbEste perro nos da una lecci\u00f3n. Los humanos tendr\u00edamos que apreciar m\u00e1s los recuerdos de los que se nos van. Los animales nos ense\u00f1an tanta fidelidad\u00bb, ha dicho el director del cementerio,\u00a0H\u00e9ctor Baccega,\u00a0<a href=\"https:\/\/www.clarin.com\/sociedad\/murio-capitan-perro-cordobes-visito-tumba-dueno-11-anos_0_HJCyoKFPz.html\" target=\"_blank\" rel=\"noopener noreferrer\" name=\"readabilityLink-8\">al diario\u00a0<em>Clar\u00edn.<\/em><\/a><a class=\"readability-DoNotFootnote\" href=\"https:\/\/bierzoo.es\/muere-capitan-el-perro-que-visito-durante-11-anos-la-tumba-de-su-dueno\/#readabilityFootnoteLink-8\" target=\"_blank\" rel=\"noopener\"><sup>[8]<\/sup><\/a><\/p>\n<div id=\"readability-footnotes\"><\/div>\n<\/div>\n<div>Fuente: el Pais<\/div>\n<div><a href=\"http:\/\/elpais.com\/elpais\/2018\/02\/20\/mundo_animal\/1519142033_450757.html\" target=\"_blank\" rel=\"noopener noreferrer\">Ver noticia origen<\/a><\/div>\n","protected":false},"excerpt":{"rendered":"<p>Varios vecinos han pedido que se entierre a\u00a0Capit\u00e1n\u00a0con los restos de Guzm\u00e1n y se levante un monumento que recuerde su historia. Por razones legales, fuentes municipales han adelantado que es posible que sus restos sean depositados en una plaza frente al cementerio.\u00bbEste perro nos da una lecci\u00f3n. Los humanos tendr\u00edamos que apreciar m\u00e1s los recuerdos &hellip; <\/p>\n","protected":false},"author":8,"featured_media":9055,"comment_status":"open","ping_status":"open","sticky":false,"template":"","format":"standard","meta":{"_acf_changed":false,"content-type":"","footnotes":""},"categories":[712],"tags":[735,736,737,711,728],"class_list":["post-9054","post","type-post","status-publish","format-standard","has-post-thumbnail","hentry","category-news","tag-capitan","tag-cementerio","tag-guzman","tag-mascotas","tag-perro"],"acf":[],"_links":{"self":[{"href":"https:\/\/www.unavets.com\/es\/wp-json\/wp\/v2\/posts\/9054","targetHints":{"allow":["GET"]}}],"collection":[{"href":"https:\/\/www.unavets.com\/es\/wp-json\/wp\/v2\/posts"}],"about":[{"href":"https:\/\/www.unavets.com\/es\/wp-json\/wp\/v2\/types\/post"}],"author":[{"embeddable":true,"href":"https:\/\/www.unavets.com\/es\/wp-json\/wp\/v2\/users\/8"}],"replies":[{"embeddable":true,"href":"https:\/\/www.unavets.com\/es\/wp-json\/wp\/v2\/comments?post=9054"}],"version-history":[{"count":0,"href":"https:\/\/www.unavets.com\/es\/wp-json\/wp\/v2\/posts\/9054\/revisions"}],"wp:featuredmedia":[{"embeddable":true,"href":"https:\/\/www.unavets.com\/es\/wp-json\/"}],"wp:attachment":[{"href":"https:\/\/www.unavets.com\/es\/wp-json\/wp\/v2\/media?parent=9054"}],"wp:term":[{"taxonomy":"category","embeddable":true,"href":"https:\/\/www.unavets.com\/es\/wp-json\/wp\/v2\/categories?post=9054"},{"taxonomy":"post_tag","embeddable":true,"href":"https:\/\/www.unavets.com\/es\/wp-json\/wp\/v2\/tags?post=9054"}],"curies":[{"name":"wp","href":"https:\/\/api.w.org\/{rel}","templated":true}]}}