{"id":9031,"date":"2019-04-10T10:08:36","date_gmt":"2019-04-10T08:08:36","guid":{"rendered":"https:\/\/clinicasbierzoo.es\/?p=9031"},"modified":"2019-04-10T10:08:36","modified_gmt":"2019-04-10T08:08:36","slug":"por-que-mi-perro-no-ladra-o-ladra-poco","status":"publish","type":"post","link":"https:\/\/www.unavets.com\/es\/por-que-mi-perro-no-ladra-o-ladra-poco\/","title":{"rendered":"\u00bfPor qu\u00e9 mi perro no ladra o ladra poco?"},"content":{"rendered":"<p>\u201c\u00a1<strong>Mi perro no ladra<\/strong>!\u201d. Esta es la inquietud que algunas personas han llegado a manifestar al percibir que su mejor amigo peludo pocas veces emite alg\u00fan ladrido o que tiene dificultades para hacerlo.<\/p>\n<p>Se sobreentiende que los ladridos de los perros son como la voz para los seres humanos; es decir, que a trav\u00e9s de esos sonidos muy caracter\u00edsticos pueden comunicarse entre ellos y, por qu\u00e9 no, hasta con sus familia humana.<\/p>\n<p>A trav\u00e9s de los ladridos los canes manifiestan aburrimiento, la presencia de alg\u00fan extra\u00f1o, alg\u00fan sentimiento y, adem\u00e1s, es una forma de llamar la atenci\u00f3n, tanto que si lo hace con mucha frecuencia a algunas personas les puede llegar a parecer hasta molesto; si este es tu caso lee algunas\u00a0<a href=\"https:\/\/notasdemascotas.com\/evitar-que-tu-perro-ladre\/\" target=\"_self\" rel=\"follow noopener noreferrer\" name=\"readabilityLink-1\">recomendaciones para evitar que tu perro ladre excesivamente<\/a><a class=\"readability-DoNotFootnote\" href=\"https:\/\/bierzoo.es\/por-que-mi-perro-no-ladra-o-ladra-poco\/#readabilityFootnoteLink-1\" target=\"_blank\" rel=\"noopener\"><sup>[1]<\/sup><\/a>.<\/p>\n<h2>\u00bfPor qu\u00e9 un perro no ladra o ladra poco?<\/h2>\n<p>Existen algunas razones por las cuales un\u00a0<strong>perro no ladra bien<\/strong>\u00a0o muy pocas veces lo hace, las cuales vamos a describir a continuaci\u00f3n:<img fetchpriority=\"high\" decoding=\"async\" class=\"size-medium wp-image-9032 aligncenter\" src=\"https:\/\/clinicasbierzoo.es\/wp-content\/uploads\/2020\/09\/1-200x300.jpeg\" alt=\"\u00bfPor qu\u00e9 mi perro no ladra o ladra poco?\" width=\"200\" height=\"300\" \/><\/p>\n<p>Algunas razas caninas tienen la tendencia a ladrar poco<\/p>\n<h3>Asuntos m\u00e9dicos<\/h3>\n<p>Muchos optan por acudir al veterinario para descifrar las causas y hacen muy bien en ello, pues a veces se da el caso de que el perro trata de ladrar pero sencillamente no puede hacerlo. En este \u00faltimo caso, acudir al m\u00e9dico es vital para determinar el por qu\u00e9. Entre las causas m\u00e1s comunes est\u00e1n los v\u00f3mitos constantes, problemas que afectan significativamente el sistema respiratorio o alguna lesi\u00f3n en la tr\u00e1quea o laringe. Solo el experto determinar\u00e1 cu\u00e1les pueden ser las razones.<\/p>\n<h3>Perros s\u00faper tranquilos<\/h3>\n<p>Hay razas de perros que son demasiado tranquilas como para ladrar como respuesta a cualquier est\u00edmulo. Hay otras, por ejemplo, que poco se comunican a trav\u00e9s de estos sonidos, sino que lo hacen con especies de aullidos y lloriqueos. M\u00e1s adelante nombraremos alguna raza de perro que se destacan por su escaso ladrido.<\/p>\n<h3>Cuesti\u00f3n de personalidad<\/h3>\n<p>Existen expertos que han llegado a manifestar que, al igual que una persona, los perros tienen personalidades diferentes y los hay algunos m\u00e1s tranquilos que otros, por lo que simplemente no les gusta o no les hace falta ladrar tanto como otros de su misma especie.<\/p>\n<h3>Luna de miel<\/h3>\n<p>Puede pasar con mucha frecuencia cuando adoptas a un cachorro. Mientras dure el proceso de adaptaci\u00f3n se estar\u00e1 muy quieto; esta etapa es considerada como el efecto Luna de Miel.<\/p>\n<h2>Existen razas de perros que ladran poco<\/h2>\n<p>Hay\u00a0<a href=\"https:\/\/notasdemascotas.com\/category\/perros\/razas-de-perros\/\" target=\"_self\" rel=\"follow noopener noreferrer\" name=\"readabilityLink-2\">razas de perros<\/a><a class=\"readability-DoNotFootnote\" href=\"https:\/\/bierzoo.es\/por-que-mi-perro-no-ladra-o-ladra-poco\/#readabilityFootnoteLink-2\" target=\"_blank\" rel=\"noopener\"><sup>[2]<\/sup><\/a>\u00a0de gran tama\u00f1o que, adem\u00e1s de ser adorables y s\u00faper cari\u00f1osos, tienen para muchos la ventaja de que ladran muy poco. Te mostraremos alguno de ellos:<\/p>\n<p><img decoding=\"async\" class=\"size-medium wp-image-9033 aligncenter\" src=\"https:\/\/clinicasbierzoo.es\/wp-content\/uploads\/2020\/09\/2-225x300.jpeg\" alt=\"Existen razas de perros que ladran poco\" width=\"225\" height=\"300\" \/><\/p>\n<div>\n<p>El Basenji se caracteriza por no ladrar<\/p>\n<ul>\n<li><em><a href=\"https:\/\/notasdemascotas.com\/perro-terranova\/\" target=\"_self\" rel=\"follow noopener noreferrer\" name=\"readabilityLink-3\">Perro Terranova<\/a><a class=\"readability-DoNotFootnote\" href=\"https:\/\/bierzoo.es\/por-que-mi-perro-no-ladra-o-ladra-poco\/#readabilityFootnoteLink-3\" target=\"_blank\" rel=\"noopener\"><sup>[3]<\/sup><\/a>:<\/em>\u00a0No s\u00f3lo es de gran tama\u00f1o sino que es muy tierno con los ni\u00f1os. No en vano es conocido como \u201cperro ni\u00f1era\u201d. Les encanta el agua, tanto que han protagonizado numerosos rescates en el mar, adem\u00e1s, ladran muy poco.<\/li>\n<li><em><a href=\"https:\/\/notasdemascotas.com\/rottweiler\/\" target=\"_self\" rel=\"follow noopener noreferrer\" name=\"readabilityLink-4\">Rottweiler<\/a><a class=\"readability-DoNotFootnote\" href=\"https:\/\/bierzoo.es\/por-que-mi-perro-no-ladra-o-ladra-poco\/#readabilityFootnoteLink-4\" target=\"_blank\" rel=\"noopener\"><sup>[4]<\/sup><\/a>:<\/em>\u00a0Posee un buen tama\u00f1o y gran fuerza. No se caracteriza por ser ladrador, debido en parte a que siempre est\u00e1 en constante actividad f\u00edsica, por lo que se mantiene feliz. Si est\u00e1 aburrido podr\u00eda ladrar hasta el cansancio.<\/li>\n<li><em><a href=\"https:\/\/notasdemascotas.com\/labrador-retriever\/\" target=\"_self\" rel=\"follow noopener noreferrer\" name=\"readabilityLink-5\">Labrador Retriever<\/a><a class=\"readability-DoNotFootnote\" href=\"https:\/\/bierzoo.es\/por-que-mi-perro-no-ladra-o-ladra-poco\/#readabilityFootnoteLink-5\" target=\"_blank\" rel=\"noopener\"><sup>[5]<\/sup><\/a>:<\/em>\u00a0Son juguetones a m\u00e1s no poder, pero tambi\u00e9n son cari\u00f1osos y no ladran en exceso.<\/li>\n<li><em><a href=\"https:\/\/notasdemascotas.com\/gran-danes\/\" target=\"_self\" rel=\"follow noopener noreferrer\" name=\"readabilityLink-6\">Gran Dan\u00e9s<\/a><a class=\"readability-DoNotFootnote\" href=\"https:\/\/bierzoo.es\/por-que-mi-perro-no-ladra-o-ladra-poco\/#readabilityFootnoteLink-6\" target=\"_blank\" rel=\"noopener\"><sup>[6]<\/sup><\/a>:<\/em>\u00a0Es demasiado grande pero su car\u00e1cter es tranquilo y muy silencioso. Es el tipo de perro que querr\u00e1s tener en casa.<\/li>\n<\/ul>\n<p>Tambi\u00e9n hay perros peque\u00f1os que se destacan por ser bastante silenciosos. He aqu\u00ed a alguno de ellos:<\/p>\n<ul>\n<li><em><a href=\"https:\/\/notasdemascotas.com\/bulldog-frances\/\" target=\"_self\" rel=\"follow noopener noreferrer\" name=\"readabilityLink-7\">Bulldog franc\u00e9s<\/a><a class=\"readability-DoNotFootnote\" href=\"https:\/\/bierzoo.es\/por-que-mi-perro-no-ladra-o-ladra-poco\/#readabilityFootnoteLink-7\" target=\"_blank\" rel=\"noopener\"><sup>[7]<\/sup><\/a>:<\/em>\u00a0Se dice que puede hacerse sentir al momento en que alguien toca la puerta. Es muy tranquilo, de poco ladrar, ideal para tenerlo dentro de casa.<\/li>\n<li><em><a href=\"https:\/\/notasdemascotas.com\/pug-carlino\/\" target=\"_self\" rel=\"follow noopener noreferrer\" name=\"readabilityLink-8\">Pug o Carlino<\/a><a class=\"readability-DoNotFootnote\" href=\"https:\/\/bierzoo.es\/por-que-mi-perro-no-ladra-o-ladra-poco\/#readabilityFootnoteLink-8\" target=\"_blank\" rel=\"noopener\"><sup>[8]<\/sup><\/a>:<\/em>\u00a0Son cari\u00f1osos y fieles, por lo que son perfectos como mascotas, su car\u00e1cter tranquilo te encantar\u00e1. Ladran poco aunque a veces hay cosas que detonan una crisis de ladridos, por lo que hay que tener cuidado.<\/li>\n<li><a href=\"https:\/\/notasdemascotas.com\/basenji\/\" target=\"_self\" rel=\"follow noopener noreferrer\" name=\"readabilityLink-9\"><em>Basenji<\/em><\/a><a class=\"readability-DoNotFootnote\" href=\"https:\/\/bierzoo.es\/por-que-mi-perro-no-ladra-o-ladra-poco\/#readabilityFootnoteLink-9\" target=\"_blank\" rel=\"noopener\"><sup>[9]<\/sup><\/a>: Tiene la caracter\u00edstica \u00fanica de no ladrar, en lugar de ello emiten una especie de chillido.<\/li>\n<\/ul>\n<p>Otras razas como Spaniel Japon\u00e9s, Pastor Australiano,\u00a0<a href=\"https:\/\/notasdemascotas.com\/perro-de-san-huberto-bloodhound\/\" target=\"_self\" rel=\"follow noopener noreferrer\" name=\"readabilityLink-10\">Bloodhound<\/a><a class=\"readability-DoNotFootnote\" href=\"https:\/\/bierzoo.es\/por-que-mi-perro-no-ladra-o-ladra-poco\/#readabilityFootnoteLink-10\" target=\"_blank\" rel=\"noopener\"><sup>[10]<\/sup><\/a>, entre otros tambi\u00e9n destacan por ser silenciosos.<\/p>\n<p><em>\u00bfTu perro no ladra? Ya te mostramos algunas razones, pero recuerda consultar siempre con un profesional.<\/em><\/p>\n<div id=\"readability-footnotes\">\n<h3>References<\/h3>\n<ol>\n<li><sup><a title=\"Jump to Link in Article\" href=\"https:\/\/bierzoo.es\/por-que-mi-perro-no-ladra-o-ladra-poco\/#readabilityLink-1\" target=\"_blank\" rel=\"noopener\">^<\/a><\/sup>\u00a0<a href=\"https:\/\/notasdemascotas.com\/evitar-que-tu-perro-ladre\/\" target=\"_self\" rel=\"follow noopener noreferrer\" name=\"readabilityFootnoteLink-1\">recomendaciones para evitar que tu perro ladre excesivamente<\/a>\u00a0(notasdemascotas.com)<\/li>\n<li><sup><a title=\"Jump to Link in Article\" href=\"https:\/\/bierzoo.es\/por-que-mi-perro-no-ladra-o-ladra-poco\/#readabilityLink-2\" target=\"_blank\" rel=\"noopener\">^<\/a><\/sup>\u00a0<a href=\"https:\/\/notasdemascotas.com\/category\/perros\/razas-de-perros\/\" target=\"_self\" rel=\"follow noopener noreferrer\" name=\"readabilityFootnoteLink-2\">razas de perros<\/a>\u00a0(notasdemascotas.com)<\/li>\n<li><sup><a title=\"Jump to Link in Article\" href=\"https:\/\/bierzoo.es\/por-que-mi-perro-no-ladra-o-ladra-poco\/#readabilityLink-3\" target=\"_blank\" rel=\"noopener\">^<\/a><\/sup>\u00a0<a href=\"https:\/\/notasdemascotas.com\/perro-terranova\/\" target=\"_self\" rel=\"follow noopener noreferrer\" name=\"readabilityFootnoteLink-3\">Perro Terranova<\/a>\u00a0(notasdemascotas.com)<\/li>\n<li><sup><a title=\"Jump to Link in Article\" href=\"https:\/\/bierzoo.es\/por-que-mi-perro-no-ladra-o-ladra-poco\/#readabilityLink-4\" target=\"_blank\" rel=\"noopener\">^<\/a><\/sup>\u00a0<a href=\"https:\/\/notasdemascotas.com\/rottweiler\/\" target=\"_self\" rel=\"follow noopener noreferrer\" name=\"readabilityFootnoteLink-4\">Rottweiler<\/a>\u00a0(notasdemascotas.com)<\/li>\n<li><sup><a title=\"Jump to Link in Article\" href=\"https:\/\/bierzoo.es\/por-que-mi-perro-no-ladra-o-ladra-poco\/#readabilityLink-5\" target=\"_blank\" rel=\"noopener\">^<\/a><\/sup>\u00a0<a href=\"https:\/\/notasdemascotas.com\/labrador-retriever\/\" target=\"_self\" rel=\"follow noopener noreferrer\" name=\"readabilityFootnoteLink-5\">Labrador Retriever<\/a>\u00a0(notasdemascotas.com)<\/li>\n<li><sup><a title=\"Jump to Link in Article\" href=\"https:\/\/bierzoo.es\/por-que-mi-perro-no-ladra-o-ladra-poco\/#readabilityLink-6\" target=\"_blank\" rel=\"noopener\">^<\/a><\/sup>\u00a0<a href=\"https:\/\/notasdemascotas.com\/gran-danes\/\" target=\"_self\" rel=\"follow noopener noreferrer\" name=\"readabilityFootnoteLink-6\">Gran Dan\u00e9s<\/a>\u00a0(notasdemascotas.com)<\/li>\n<li><sup><a title=\"Jump to Link in Article\" href=\"https:\/\/bierzoo.es\/por-que-mi-perro-no-ladra-o-ladra-poco\/#readabilityLink-7\" target=\"_blank\" rel=\"noopener\">^<\/a><\/sup>\u00a0<a href=\"https:\/\/notasdemascotas.com\/bulldog-frances\/\" target=\"_self\" rel=\"follow noopener noreferrer\" name=\"readabilityFootnoteLink-7\">Bulldog franc\u00e9s<\/a>\u00a0(notasdemascotas.com)<\/li>\n<li><sup><a title=\"Jump to Link in Article\" href=\"https:\/\/bierzoo.es\/por-que-mi-perro-no-ladra-o-ladra-poco\/#readabilityLink-8\" target=\"_blank\" rel=\"noopener\">^<\/a><\/sup>\u00a0<a href=\"https:\/\/notasdemascotas.com\/pug-carlino\/\" target=\"_self\" rel=\"follow noopener noreferrer\" name=\"readabilityFootnoteLink-8\">Pug o Carlino<\/a>\u00a0(notasdemascotas.com)<\/li>\n<li><sup><a title=\"Jump to Link in Article\" href=\"https:\/\/bierzoo.es\/por-que-mi-perro-no-ladra-o-ladra-poco\/#readabilityLink-9\" target=\"_blank\" rel=\"noopener\">^<\/a><\/sup>\u00a0<a href=\"https:\/\/notasdemascotas.com\/basenji\/\" target=\"_self\" rel=\"follow noopener noreferrer\" name=\"readabilityFootnoteLink-9\">Basenji<\/a>\u00a0(notasdemascotas.com)<\/li>\n<li><sup><a title=\"Jump to Link in Article\" href=\"https:\/\/bierzoo.es\/por-que-mi-perro-no-ladra-o-ladra-poco\/#readabilityLink-10\" target=\"_blank\" rel=\"noopener\">^<\/a><\/sup>\u00a0<a href=\"https:\/\/notasdemascotas.com\/perro-de-san-huberto-bloodhound\/\" target=\"_self\" rel=\"follow noopener noreferrer\" name=\"readabilityFootnoteLink-10\">Bloodhound<\/a>\u00a0(notasdemascotas.com)<\/li>\n<\/ol>\n<\/div>\n<\/div>\n<div>Fuente: notas de mascotas<\/div>\n<div><a href=\"https:\/\/notasdemascotas.com\/por-que-mi-perro-no-ladra-poco\/\" target=\"_blank\" rel=\"noopener noreferrer\">Ver noticia origen<\/a><\/div>\n","protected":false},"excerpt":{"rendered":"<p>\u201c\u00a1Mi perro no ladra!\u201d. Esta es la inquietud que algunas personas han llegado a manifestar al percibir que su mejor amigo peludo pocas veces emite alg\u00fan ladrido o que tiene dificultades para hacerlo. Se sobreentiende que los ladridos de los perros son como la voz para los seres humanos; es decir, que a trav\u00e9s de &hellip; <\/p>\n","protected":false},"author":8,"featured_media":9032,"comment_status":"open","ping_status":"open","sticky":false,"template":"","format":"standard","meta":{"_acf_changed":false,"content-type":"","footnotes":""},"categories":[712],"tags":[707,708,709,710,711,713,714,715,716,717],"class_list":["post-9031","post","type-post","status-publish","format-standard","has-post-thumbnail","hentry","category-news","tag-bembibre","tag-cacabelos","tag-cuidados","tag-ladrido","tag-mascotas","tag-perros","tag-ponferraa","tag-toreno","tag-veterinario","tag-villafranca"],"acf":[],"_links":{"self":[{"href":"https:\/\/www.unavets.com\/es\/wp-json\/wp\/v2\/posts\/9031","targetHints":{"allow":["GET"]}}],"collection":[{"href":"https:\/\/www.unavets.com\/es\/wp-json\/wp\/v2\/posts"}],"about":[{"href":"https:\/\/www.unavets.com\/es\/wp-json\/wp\/v2\/types\/post"}],"author":[{"embeddable":true,"href":"https:\/\/www.unavets.com\/es\/wp-json\/wp\/v2\/users\/8"}],"replies":[{"embeddable":true,"href":"https:\/\/www.unavets.com\/es\/wp-json\/wp\/v2\/comments?post=9031"}],"version-history":[{"count":0,"href":"https:\/\/www.unavets.com\/es\/wp-json\/wp\/v2\/posts\/9031\/revisions"}],"wp:featuredmedia":[{"embeddable":true,"href":"https:\/\/www.unavets.com\/es\/wp-json\/"}],"wp:attachment":[{"href":"https:\/\/www.unavets.com\/es\/wp-json\/wp\/v2\/media?parent=9031"}],"wp:term":[{"taxonomy":"category","embeddable":true,"href":"https:\/\/www.unavets.com\/es\/wp-json\/wp\/v2\/categories?post=9031"},{"taxonomy":"post_tag","embeddable":true,"href":"https:\/\/www.unavets.com\/es\/wp-json\/wp\/v2\/tags?post=9031"}],"curies":[{"name":"wp","href":"https:\/\/api.w.org\/{rel}","templated":true}]}}