{"id":31588,"date":"2025-02-13T17:29:03","date_gmt":"2025-02-13T17:29:03","guid":{"rendered":"https:\/\/www.unavets.com\/resum-de-les-jornades-formatives-dunavets-i-onevet-espanya-i-portugal-desembre-2024-i-gener-2025\/"},"modified":"2025-02-13T17:29:04","modified_gmt":"2025-02-13T17:29:04","slug":"resum-de-les-jornades-formatives-dunavets-i-onevet-espanya-i-portugal-desembre-2024-i-gener-2025","status":"publish","type":"post","link":"https:\/\/www.unavets.com\/ca\/resum-de-les-jornades-formatives-dunavets-i-onevet-espanya-i-portugal-desembre-2024-i-gener-2025\/","title":{"rendered":"Resum de les Jornades Formatives d\u2019UNAVETS i OneVet (Espanya i Portugal) \u2013 Desembre 2024 i Gener 2025"},"content":{"rendered":"\t\t<div data-elementor-type=\"wp-post\" data-elementor-id=\"31588\" class=\"elementor elementor-31588 elementor-31584\" data-elementor-post-type=\"post\">\n\t\t\t\t<div class=\"elementor-element elementor-element-7a066792 e-flex e-con-boxed e-con e-parent\" data-id=\"7a066792\" data-element_type=\"container\" data-e-type=\"container\">\n\t\t\t\t\t<div class=\"e-con-inner\">\n\t\t\t\t<div class=\"elementor-element elementor-element-c1f7a90 elementor-widget elementor-widget-text-editor\" data-id=\"c1f7a90\" data-element_type=\"widget\" data-e-type=\"widget\" data-widget_type=\"text-editor.default\">\n\t\t\t\t<div class=\"elementor-widget-container\">\n\t\t\t\t\t\t\t\t\t<h3 data-start=\"667\" data-end=\"705\"><strong data-start=\"671\" data-end=\"703\">Formaci\u00f3 d\u2019UNAVETS a Espanya<\/strong><\/h3><br><h4 data-start=\"707\" data-end=\"766\"><strong data-start=\"712\" data-end=\"764\">Jornada de Formaci\u00f3 \u2013 Unitat de Cures Intensives<\/strong><\/h4><br><p data-start=\"767\" data-end=\"1258\">El 12 de desembre de 2024, al Veterios Hospital Veterinari de Refer\u00e8ncia (Madrid), Beatriz Alcocer, veterin\u00e0ria especialitzada en UCI i Urg\u00e8ncies, va impartir una formaci\u00f3 centrada en l\u2019obstrucci\u00f3 ureteral en el pacient fel\u00ed. Durant la sessi\u00f3, es van tractar aspectes clau del diagn\u00f2stic i tractament d\u2019aquesta patologia, amb un enfocament en les t\u00e8cniques m\u00e9s avan\u00e7ades per a la seva gesti\u00f3. La jornada va concloure amb una sessi\u00f3 de networking i un servei de c\u00e0tering per als assistents.<\/p><br><br><h4 data-start=\"1260\" data-end=\"1309\"><strong data-start=\"1265\" data-end=\"1307\">Jornada de Formaci\u00f3 en Medicina Felina<\/strong><\/h4><br><p data-start=\"1310\" data-end=\"1721\">El 19 de desembre de 2024, a l\u2019Hospital Veterinari Gasteiz (Vit\u00f2ria), Salvador Cervantes, veterinari especialista internacionalment reconegut en medicina felina, va oferir una formaci\u00f3 completa sobre el diagn\u00f2stic i tractament de la tos i la dificultat respirat\u00f2ria en gats. La sessi\u00f3 es va centrar en la import\u00e0ncia d\u2019un diagn\u00f2stic estructurat i en un seguiment exhaustiu per aconseguir un tractament efica\u00e7.<\/p><br><br><h4 data-start=\"1723\" data-end=\"1770\"><strong data-start=\"1728\" data-end=\"1768\">Jornada de Formaci\u00f3 en Traumatologia<\/strong><\/h4><br><p data-start=\"1771\" data-end=\"2315\">El 15 de gener de 2025, Felipe de Vicente, especialista EBVS (Diplomat Europeu ECVS) i director cl\u00ednic de l\u2019Hospital de Refer\u00e8ncia Veterios, va impartir una jornada formativa en traumatologia al mateix hospital que dirigeix. Durant la sessi\u00f3, es van abordar diferents t\u00e8cniques avan\u00e7ades per al tractament de fractures i lesions articulars en petits animals, incloent-hi l\u2019\u00fas de fixadors externs i implants ortop\u00e8dics moderns. La formaci\u00f3 va combinar teoria amb tallers pr\u00e0ctics per garantir l\u2019aplicaci\u00f3 immediata dels coneixements adquirits.<\/p><br><br><h4 data-start=\"2317\" data-end=\"2369\"><strong data-start=\"2322\" data-end=\"2367\">Jornada de Formaci\u00f3 en Displ\u00e0sia de Maluc<\/strong><\/h4><br><p data-start=\"2370\" data-end=\"2891\">El 30 de gener de 2025, a l\u2019Hospital de Refer\u00e8ncia Veterios, Felipe de Vicente va oferir una formaci\u00f3 detallada sobre el tractament de la displ\u00e0sia de maluc en gossos. Durant la sessi\u00f3, va explicar les opcions de tractament disponibles, incloent-hi el tractament conservador basat en la reducci\u00f3 de pes, antiinflamatoris, \u00e0cids grassos omega-3 i rehabilitaci\u00f3, aix\u00ed com el tractament quir\u00fargic, destacant la pr\u00f2tesi de maluc com la soluci\u00f3 m\u00e9s exitosa, que elimina la necessitat de medicaci\u00f3 de per vida per a l\u2019animal.<\/p><br><br><h3 data-start=\"2893\" data-end=\"2934\"><strong data-start=\"2897\" data-end=\"2932\">Formacions de OneVet a Portugal<\/strong><\/h3><br><h4 data-start=\"2936\" data-end=\"2990\"><strong data-start=\"2941\" data-end=\"2988\">Formaci\u00f3 en Cirurgia de Teixits Tous \u2013 Nord<\/strong><\/h4><br><p data-start=\"2991\" data-end=\"3514\">Els dies 6 i 7 de desembre de 2024, el OneVet Hospital Veterin\u00e1rio Universit\u00e1rio de Paredes, al nord de Portugal, va organitzar una formaci\u00f3 sobre cirurgia de teixits tous. Els veterinaris especialistes Andr\u00e9 Queir\u00f3s i Lu\u00eds Maltez van explicar els principis de la cirurgia de teixits tous, amb especial \u00e8mfasi en els procediments del sistema digestiu, hep\u00e0tic, espl\u00e8nic i urinari. A m\u00e9s, es van tractar t\u00e8cniques quir\u00fargiques en el sistema respiratori, la cavitat oral i la pell, com els empelts i la resoluci\u00f3 d\u2019h\u00e8rnies.<\/p><br><br><h4 data-start=\"3516\" data-end=\"3551\"><strong data-start=\"3521\" data-end=\"3549\">Formaci\u00f3 en Dermatologia<\/strong><\/h4><br><p data-start=\"3552\" data-end=\"4023\">Els dies 14 i 15 de desembre de 2024, a l\u2019Hospital Veterin\u00e1rio do Porto, es va celebrar una formaci\u00f3 en dermatologia. Les veterin\u00e0ries especialistes Diana Ferreira, Helena Guimar\u00e3es, Maria In\u00eas i Sara Salgueiro van oferir m\u00f2duls pr\u00e0ctics sobre el diagn\u00f2stic i tractament d\u2019otitis externes, citologia i t\u00e8cniques avan\u00e7ades com la v\u00eddeo-otosc\u00f2pia. A m\u00e9s, es va realitzar un taller pr\u00e0ctic sobre citologia dermatol\u00f2gica, aplicant els coneixements adquirits en casos reals.<\/p><br><br><h4 data-start=\"4025\" data-end=\"4085\"><strong data-start=\"4030\" data-end=\"4083\">Formaci\u00f3 en Cirurgia de Teixits Tous \u2013 Centre\/Sud<\/strong><\/h4><br><p data-start=\"4086\" data-end=\"4586\">Els dies 20 i 21 de desembre de 2024, es va repetir la formaci\u00f3 en cirurgia de teixits tous a l\u2019Hospital Veterin\u00e1rio Tapada das Merc\u00eas (Centre\/Sud). Igual que en la formaci\u00f3 al nord, els veterinaris especialistes Andr\u00e9 Queir\u00f3s i Pedro Oliv\u00e9rio van cobrir una gran varietat de t\u00e8cniques quir\u00fargiques, incloent-hi intervencions en el sistema digestiu, respiratori, urinari, reproductor i en la pell. Tamb\u00e9 es van discutir enfocaments per a la resoluci\u00f3 d\u2019h\u00e8rnies i la reparaci\u00f3 de fissures palatines.<\/p><br><p data-start=\"4588\" data-end=\"5180\">UNAVETS i OneVet continuen avan\u00e7ant en l\u2019especialitzaci\u00f3 dels professionals veterinaris mitjan\u00e7ant formacions te\u00f2riques i pr\u00e0ctiques en \u00e0rees de gran demanda. Aquestes jornades, organitzades en hospitals veterinaris d\u2019Espanya i Portugal, cobreixen \u00e0rees com la medicina felina, la traumatologia, la cirurgia de teixits tous i la dermatologia, consolidant el seu paper fonamental en l\u2019actualitzaci\u00f3 cont\u00ednua de la medicina veterin\u00e0ria. La formaci\u00f3 cont\u00ednua continua sent essencial per proporcionar una atenci\u00f3 excel\u00b7lent als pacients i fomentar el creixement sostingut del sector veterinari.<\/p><br><br><h3 data-start=\"5182\" data-end=\"5208\"><strong data-start=\"5186\" data-end=\"5206\">Sobre OneAcademy<\/strong><\/h3><br><p data-start=\"5209\" data-end=\"5495\">OneAcademy \u00e9s la plataforma de formaci\u00f3 del Grup UNAVETS, que ofereix cursos pr\u00e0ctics, confer\u00e8ncies presencials, cursos en l\u00ednia, grups de treball per especialitat, pr\u00e0ctiques i certificacions m\u00e9s especialitzades, com ara programes de postgrau per a veterinaris i t\u00e8cnics veterinaris.<\/p><br><p data-start=\"5497\" data-end=\"6032\">Aquesta plataforma de formaci\u00f3 reflecteix el comprom\u00eds d\u2019UNAVETS d\u2019oferir educaci\u00f3 cont\u00ednua d\u2019alta qualitat i oportunitats de creixement als professionals del sector veterinari. UNAVETS ha ofert m\u00e9s de 125 dies de formaci\u00f3 per a veterinaris en ecografia, radiologia i ecocardiografia, tomografia computada, neurologia, medicina interna, anest\u00e8sia, odontologia, cirurgia i comunicaci\u00f3. Aproximadament 2.000 veterinaris i auxiliars han assistit a aquests esdeveniments en els 10 centres de formaci\u00f3 ubicats a tota la pen\u00ednsula Ib\u00e8rica.<\/p><br><p data-start=\"6034\" data-end=\"6568\">Jos\u00e9 Ram\u00f3n Escribano, Assessor S\u00e8nior d\u2019UNAVETS, comenta:<br data-start=\"6091\" data-end=\"6094\" \/><em>\u201cLa formaci\u00f3 \u00e9s important no nom\u00e9s per al grup i per al sector, sin\u00f3 tamb\u00e9 per al desenvolupament individual de les persones. Per aix\u00f2, des d\u2019UNAVETS, proporcionem tots els recursos necessaris perqu\u00e8 el creixement de tot el personal \u2013 auxiliars, veterinaris, recepcionistes, administradors, etc. \u2013 sigui una realitat tant cient\u00edfica com humana. La formaci\u00f3 integral de les persones \u00e9s la clau per al creixement i el desenvolupament, i estem treballant en aquest objectiu.\u201d<\/em><\/p>\t\t\t\t\t\t\t\t<\/div>\n\t\t\t\t<\/div>\n\t\t\t\t\t<\/div>\n\t\t\t\t<\/div>\n\t\t\t\t<\/div>\n\t\t","protected":false},"excerpt":{"rendered":"<p>UNAVETS i OneVet continuen compromesos a oferir formaci\u00f3 veterin\u00e0ria d\u2019alta qualitat a trav\u00e9s de la seva plataforma educativa, OneAcademy. Durant els mesos de desembre de 2024 i gener de 2025, tots dos grups van organitzar diverses jornades especialitzades en diferents \u00e0rees de la medicina veterin\u00e0ria. A continuaci\u00f3, es destaquen les formacions realitzades a ambdues regions, amb un enfocament en medicina felina, traumatologia, cirurgia de teixits tous i gesti\u00f3 de pacients cr\u00edtics.<\/p>\n","protected":false},"author":8,"featured_media":31577,"comment_status":"open","ping_status":"open","sticky":false,"template":"","format":"standard","meta":{"_acf_changed":false,"content-type":"","footnotes":""},"categories":[500,857],"tags":[],"class_list":["post-31588","post","type-post","status-publish","format-standard","has-post-thumbnail","hentry","category-about-unavets-ca","category-oneacademy-ca"],"acf":[],"_links":{"self":[{"href":"https:\/\/www.unavets.com\/ca\/wp-json\/wp\/v2\/posts\/31588","targetHints":{"allow":["GET"]}}],"collection":[{"href":"https:\/\/www.unavets.com\/ca\/wp-json\/wp\/v2\/posts"}],"about":[{"href":"https:\/\/www.unavets.com\/ca\/wp-json\/wp\/v2\/types\/post"}],"author":[{"embeddable":true,"href":"https:\/\/www.unavets.com\/ca\/wp-json\/wp\/v2\/users\/8"}],"replies":[{"embeddable":true,"href":"https:\/\/www.unavets.com\/ca\/wp-json\/wp\/v2\/comments?post=31588"}],"version-history":[{"count":1,"href":"https:\/\/www.unavets.com\/ca\/wp-json\/wp\/v2\/posts\/31588\/revisions"}],"predecessor-version":[{"id":31589,"href":"https:\/\/www.unavets.com\/ca\/wp-json\/wp\/v2\/posts\/31588\/revisions\/31589"}],"wp:featuredmedia":[{"embeddable":true,"href":"https:\/\/www.unavets.com\/ca\/wp-json\/wp\/v2\/media\/31577"}],"wp:attachment":[{"href":"https:\/\/www.unavets.com\/ca\/wp-json\/wp\/v2\/media?parent=31588"}],"wp:term":[{"taxonomy":"category","embeddable":true,"href":"https:\/\/www.unavets.com\/ca\/wp-json\/wp\/v2\/categories?post=31588"},{"taxonomy":"post_tag","embeddable":true,"href":"https:\/\/www.unavets.com\/ca\/wp-json\/wp\/v2\/tags?post=31588"}],"curies":[{"name":"wp","href":"https:\/\/api.w.org\/{rel}","templated":true}]}}