{"id":31348,"date":"2024-10-31T15:50:50","date_gmt":"2024-10-31T15:50:50","guid":{"rendered":"https:\/\/www.unavets.com\/unavets-habilita-centres-de-recollida-a-les-seves-cliniques-de-la-comunitat-valenciana-per-ajudar-protectores-i-refugis-i-ofereix-atencio-als-animals-ferits-canalitzada-a-traves-dassociacion\/"},"modified":"2024-10-31T16:15:24","modified_gmt":"2024-10-31T16:15:24","slug":"unavets-habilita-centres-de-recollida-a-les-seves-cliniques-de-la-comunitat-valenciana-per-ajudar-protectores-i-refugis-i-ofereix-atencio-als-animals-ferits-canalitzada-a-traves-dassociacion","status":"publish","type":"post","link":"https:\/\/www.unavets.com\/ca\/unavets-habilita-centres-de-recollida-a-les-seves-cliniques-de-la-comunitat-valenciana-per-ajudar-protectores-i-refugis-i-ofereix-atencio-als-animals-ferits-canalitzada-a-traves-dassociacion\/","title":{"rendered":"UNAVETS habilita centres de recollida a les seves cl\u00edniques de la Comunitat Valenciana per ajudar protectores i refugis, i ofereix atenci\u00f3 als animals ferits canalitzada a trav\u00e9s d\u2019associacions arran de la DANA"},"content":{"rendered":"\n<p>Despr\u00e9s del recent temporal que ha afectat la Comunitat Valenciana, el Grup UNAVETS ha activat les seves cl\u00edniques a la regi\u00f3 com a centres de recollida de materials essencials per assistir les protectores i refugis d\u2019animals que s&#8217;enfronten a situacions d&#8217;emerg\u00e8ncia.<\/p>\n\n\n<a class=\"wp-block-read-more\" href=\"https:\/\/www.unavets.com\/ca\/unavets-habilita-centres-de-recollida-a-les-seves-cliniques-de-la-comunitat-valenciana-per-ajudar-protectores-i-refugis-i-ofereix-atencio-als-animals-ferits-canalitzada-a-traves-dassociacion\/\" target=\"_self\">Llegiu-ne m\u00e9s<span class=\"screen-reader-text\">: UNAVETS habilita centres de recollida a les seves cl\u00edniques de la Comunitat Valenciana per ajudar protectores i refugis, i ofereix atenci\u00f3 als animals ferits canalitzada a trav\u00e9s d\u2019associacions arran de la DANA<\/span><\/a>\n\n\n<p>Expressem el nostre condol a les v\u00edctimes de la DANA i fem una crida a la solidaritat de la comunitat per <strong>donar mantes, corretges, menjar i qualsevol altre article que pugui alleujar la c\u00e0rrega de les protectores i refugis en aquest moment.<\/strong><\/p>\n\n\n\n<p>A m\u00e9s de la recollida de materials, <strong>UNAVETS col\u00b7labora amb les protectores de la zona per oferir atenci\u00f3 veterin\u00e0ria gratu\u00efta als animals ferits,<\/strong> canalitzant sempre aquests casos a trav\u00e9s de les associacions que gestionen l\u2019assist\u00e8ncia i el rescat. I amb<strong> la identificaci\u00f3 d\u2019animals perduts que es troben al carrer mitjan\u00e7ant la lectura del microxip,<\/strong> amb l&#8217;objectiu de facilitar el retrobament amb les seves fam\u00edlies.<\/p>\n\n\n\n<p>Aquells que vulguin col\u00b7laborar poden portar les seves donacions a qualsevol de les seg\u00fcents cl\u00edniques UNAVETS a la Comunitat Valenciana:<\/p>\n\n\n\n<ul class=\"wp-block-list\">\n<li><strong>Cl\u00ednica Veterinaria Ruzafa:<\/strong>&nbsp;<a href=\"https:\/\/www.google.es\/maps\/place\/data=!4m2!3m1!1s0xd6048cb134758af:0x31f6645011d0bc03?sa=X&amp;ved=1t:8290&amp;ictx=111\" target=\"_blank\" rel=\"noopener\">C\/ de Cadis, 56, L&#8217;Eixample, 46006 Val\u00e8ncia, Valencia<\/a>. Tel\u00e9fono: 963 806 851.<\/li>\n\n\n\n<li><strong>Cl\u00ednica Veterinaria Tropical Manises:<\/strong>&nbsp;<a href=\"https:\/\/www.google.es\/maps\/place\/data=!4m2!3m1!1s0xd604f8eff2dc75b:0xf4830d15d5e18560?sa=X&amp;ved=1t:8290&amp;ictx=111\" target=\"_blank\" rel=\"noopener\">C\/ de San Antonio, 115, 46920 Mislata, Valencia<\/a>. Tel\u00e9fono: 961 296 666.<\/li>\n\n\n\n<li><strong>Cl\u00ednica Especies Veterinarios:<\/strong>&nbsp;<a href=\"https:\/\/www.google.es\/maps\/place\/data=!4m2!3m1!1s0xd60160dcd68de59:0x53abe73861522274?sa=X&amp;ved=1t:8290&amp;ictx=111\" target=\"_blank\" rel=\"noopener\">Carrer Vent de Ponent, 2, bajo, 46520 Port de Sagunt, Valencia<\/a>. Tel\u00e9fono: 961 086 922.<\/li>\n\n\n\n<li><strong>Cl\u00ednica Veterinaria Gat i Gos:<\/strong>&nbsp;<a href=\"https:\/\/www.google.es\/maps\/place\/data=!4m2!3m1!1s0xd61e84bc37b486f:0xefc943d147112649?sa=X&amp;ved=1t:8290&amp;ictx=111\" target=\"_blank\" rel=\"noopener\">C\/ del Legionari Bernabeu, 9, 46702 Gandia, Valencia<\/a>. Tel\u00e9fono: 691 044 450.<\/li>\n\n\n\n<li><strong>Cl\u00ednica Veterinaria La Vall<\/strong>&nbsp;<strong>d&#8217;Uix\u00f3<\/strong>:&nbsp;<a href=\"https:\/\/maps.app.goo.gl\/9EBSw6ZNjhYtwEYZ9\" target=\"_blank\" rel=\"noopener\">Carrer Jaume Valls Can\u00f3s, 1, 12600 la Vall d&#8217;Uix\u00f3, Castell\u00f3n<\/a>. Tel\u00e9fono: 964 661 824.<\/li>\n\n\n\n<li><strong>Hospital Veterinario San Bernardo:<\/strong>&nbsp;<a href=\"https:\/\/www.google.es\/maps\/place\/data=!4m2!3m1!1s0xd601aaf99938275:0xdd74691393b4f598?sa=X&amp;ved=1t:8290&amp;ictx=111\" target=\"_blank\" rel=\"noopener\">Avinguda dels Pescadors, 1, Bajo, 12593 El Grau de Moncofa, Castell\u00f3n<\/a>. Tel\u00e9fono: 964 579 399.<\/li>\n\n\n\n<li><strong>Policl\u00ednica Veterinaria Avenida del Puerto<\/strong>:&nbsp;<a href=\"https:\/\/www.google.es\/maps\/place\/data=!4m2!3m1!1s0xd6048f46083f545:0x109a5fae00fa52cc?sa=X&amp;ved=1t:8290&amp;ictx=111\" target=\"_blank\" rel=\"noopener\">Av. del Port, 203, Camins al Grau, 46022 Val\u00e8ncia, Valencia<\/a>. Tel\u00e9fono: 963 304 379.<\/li>\n<\/ul>\n\n\n\n<p>&#8220;En aquests moments dif\u00edcils, des d\u2019UNAVETS volem expressar el nostre m\u00e9s sincer condol a les fam\u00edlies afectades per aquest tr\u00e0gic succ\u00e9s.<\/p>\n\n\n\n<p>Reafirmem el nostre comprom\u00eds de suport i col\u00b7laboraci\u00f3 amb les protectores, refugis i tots aquells que treballen pel benestar dels animals a la Comunitat Valenciana.<\/p>\n\n\n\n<p>Per a m\u00e9s informaci\u00f3 sobre com col\u00b7laborar, no dubtis a contactar amb qualsevol de les nostres cl\u00edniques a la regi\u00f3.<\/p>\n","protected":false},"excerpt":{"rendered":"<p>Despr\u00e9s del recent temporal que ha afectat la Comunitat Valenciana, el Grup UNAVETS ha activat les seves cl\u00edniques a la regi\u00f3 com a centres de recollida de materials essencials per assistir les protectores i refugis d\u2019animals que s&#8217;enfronten a situacions d&#8217;emerg\u00e8ncia. Expressem el nostre condol a les v\u00edctimes de la DANA i fem una crida &hellip; <\/p>\n","protected":false},"author":8,"featured_media":31340,"comment_status":"open","ping_status":"open","sticky":false,"template":"","format":"standard","meta":{"_acf_changed":false,"content-type":"","footnotes":""},"categories":[874,854],"tags":[],"class_list":["post-31348","post","type-post","status-publish","format-standard","has-post-thumbnail","hentry","category-noticias-ca","category-unavets-ca"],"acf":[],"_links":{"self":[{"href":"https:\/\/www.unavets.com\/ca\/wp-json\/wp\/v2\/posts\/31348","targetHints":{"allow":["GET"]}}],"collection":[{"href":"https:\/\/www.unavets.com\/ca\/wp-json\/wp\/v2\/posts"}],"about":[{"href":"https:\/\/www.unavets.com\/ca\/wp-json\/wp\/v2\/types\/post"}],"author":[{"embeddable":true,"href":"https:\/\/www.unavets.com\/ca\/wp-json\/wp\/v2\/users\/8"}],"replies":[{"embeddable":true,"href":"https:\/\/www.unavets.com\/ca\/wp-json\/wp\/v2\/comments?post=31348"}],"version-history":[{"count":2,"href":"https:\/\/www.unavets.com\/ca\/wp-json\/wp\/v2\/posts\/31348\/revisions"}],"predecessor-version":[{"id":31359,"href":"https:\/\/www.unavets.com\/ca\/wp-json\/wp\/v2\/posts\/31348\/revisions\/31359"}],"wp:featuredmedia":[{"embeddable":true,"href":"https:\/\/www.unavets.com\/ca\/wp-json\/wp\/v2\/media\/31340"}],"wp:attachment":[{"href":"https:\/\/www.unavets.com\/ca\/wp-json\/wp\/v2\/media?parent=31348"}],"wp:term":[{"taxonomy":"category","embeddable":true,"href":"https:\/\/www.unavets.com\/ca\/wp-json\/wp\/v2\/categories?post=31348"},{"taxonomy":"post_tag","embeddable":true,"href":"https:\/\/www.unavets.com\/ca\/wp-json\/wp\/v2\/tags?post=31348"}],"curies":[{"name":"wp","href":"https:\/\/api.w.org\/{rel}","templated":true}]}}